{"id":93,"date":"2021-10-14T09:21:00","date_gmt":"2021-10-14T12:21:00","guid":{"rendered":"https:\/\/memorialdoarroz.com.br\/?p=93"},"modified":"2026-03-01T09:22:57","modified_gmt":"2026-03-01T12:22:57","slug":"memorial-nacional-do-arroz-instalado-na-fenarroz","status":"publish","type":"post","link":"https:\/\/memorialdoarroz.com.br\/index.php\/2021\/10\/14\/memorial-nacional-do-arroz-instalado-na-fenarroz\/","title":{"rendered":"Memorial Nacional do Arroz instalado na FENARROZ"},"content":{"rendered":"\n<p>O Memorial Nacional do Arroz, projeto iniciado em 2011, ser\u00e1 reaberto dia 15 de outubro de 2021,&nbsp;\u00e0s 10 horas, integrando a programa\u00e7\u00e3o oficial da 21.\u00aa FENARROZ. Na ocasi\u00e3o, o presidente da Feira, Cel Francisco Vargas, e a presidente da Amicus, Professora Marisa Timm Sari, assinar\u00e3o o documento que formaliza a transfer\u00eancia do Memorial Nacional do Arroz e o sedia junto ao pavilh\u00e3o de exposi\u00e7\u00f5es. Com a iniciativa, o Memorial Nacional do Arroz passa a ter sede permanente, ficando apto a desenvolver a\u00e7\u00f5es que incentivem, valorizem e promovam a preserva\u00e7\u00e3o da hist\u00f3ria do arroz no munic\u00edpio e regi\u00e3o. Dentre os projetos futuros, a oferta de visitas guiadas e outras atividades voltadas \u00e0 difus\u00e3o da import\u00e2ncia do arroz na hist\u00f3ria econ\u00f4mica, social e cultural de Cachoeira do Sul e regi\u00e3o.<\/p>\n\n\n\n<p>Mirian Ritzel<\/p>\n","protected":false},"excerpt":{"rendered":"<p>O Memorial Nacional do Arroz, projeto iniciado em 2011, ser\u00e1 reaberto dia 15 de outubro de 2021,&nbsp;\u00e0s 10 horas, integrando a programa\u00e7\u00e3o oficial da 21.\u00aa FENARROZ. Na ocasi\u00e3o, o presidente da Feira, Cel Francisco Vargas, e a presidente da Amicus, Professora Marisa Timm Sari, assinar\u00e3o o documento que formaliza a transfer\u00eancia do Memorial Nacional do [&hellip;]<\/p>\n","protected":false},"author":2,"featured_media":94,"comment_status":"open","ping_status":"open","sticky":false,"template":"","format":"standard","meta":{"footnotes":""},"categories":[6],"tags":[],"class_list":["post-93","post","type-post","status-publish","format-standard","has-post-thumbnail","hentry","category-noticias"],"_links":{"self":[{"href":"https:\/\/memorialdoarroz.com.br\/index.php\/wp-json\/wp\/v2\/posts\/93","targetHints":{"allow":["GET"]}}],"collection":[{"href":"https:\/\/memorialdoarroz.com.br\/index.php\/wp-json\/wp\/v2\/posts"}],"about":[{"href":"https:\/\/memorialdoarroz.com.br\/index.php\/wp-json\/wp\/v2\/types\/post"}],"author":[{"embeddable":true,"href":"https:\/\/memorialdoarroz.com.br\/index.php\/wp-json\/wp\/v2\/users\/2"}],"replies":[{"embeddable":true,"href":"https:\/\/memorialdoarroz.com.br\/index.php\/wp-json\/wp\/v2\/comments?post=93"}],"version-history":[{"count":1,"href":"https:\/\/memorialdoarroz.com.br\/index.php\/wp-json\/wp\/v2\/posts\/93\/revisions"}],"predecessor-version":[{"id":95,"href":"https:\/\/memorialdoarroz.com.br\/index.php\/wp-json\/wp\/v2\/posts\/93\/revisions\/95"}],"wp:featuredmedia":[{"embeddable":true,"href":"https:\/\/memorialdoarroz.com.br\/index.php\/wp-json\/wp\/v2\/media\/94"}],"wp:attachment":[{"href":"https:\/\/memorialdoarroz.com.br\/index.php\/wp-json\/wp\/v2\/media?parent=93"}],"wp:term":[{"taxonomy":"category","embeddable":true,"href":"https:\/\/memorialdoarroz.com.br\/index.php\/wp-json\/wp\/v2\/categories?post=93"},{"taxonomy":"post_tag","embeddable":true,"href":"https:\/\/memorialdoarroz.com.br\/index.php\/wp-json\/wp\/v2\/tags?post=93"}],"curies":[{"name":"wp","href":"https:\/\/api.w.org\/{rel}","templated":true}]}}