{"id":90,"date":"2017-06-07T09:17:00","date_gmt":"2017-06-07T12:17:00","guid":{"rendered":"https:\/\/memorialdoarroz.com.br\/?p=90"},"modified":"2026-03-01T09:19:28","modified_gmt":"2026-03-01T12:19:28","slug":"minc-prorroga-prazo-para-memorial-nacional-do-arroz-captar-recursos","status":"publish","type":"post","link":"https:\/\/memorialdoarroz.com.br\/index.php\/2017\/06\/07\/minc-prorroga-prazo-para-memorial-nacional-do-arroz-captar-recursos\/","title":{"rendered":"MinC prorroga prazo para Memorial Nacional do Arroz captar recursos"},"content":{"rendered":"\n<p>A Associa\u00e7\u00e3o Cachoeirense de Amigos da Cultura &#8211; AMICUS conseguiu ampliar o prazo para capta\u00e7\u00e3o de recursos pela Lei Rouanet junto ao Minist\u00e9rio da Cultura. A altera\u00e7\u00e3o do prazo de ced\u00eancia dos pavilh\u00f5es do antigo Engenho Willy Tesch para implanta\u00e7\u00e3o do projeto, inicialmente previsto para cinco anos e ajustado para vinte, permitiu que o projeto junto ao MinC sofresse os ajustes necess\u00e1rios para seguir vigorando.<\/p>\n\n\n\n<p>M\u00e3os \u00e0 obra! Os volunt\u00e1rios envolvidos est\u00e3o confiantes&nbsp;que o grande projeto de dotar Cachoeira do Sul de um important\u00edssimo espa\u00e7o de mem\u00f3ria e de proje\u00e7\u00e3o futura da import\u00e2ncia do arroz&nbsp;finalmente caminhar\u00e1 rumo \u00e0 concretiza\u00e7\u00e3o!<\/p>\n\n\n\n<p>Imagem ilustrativa: Robispierre Giuliani<\/p>\n","protected":false},"excerpt":{"rendered":"<p>A Associa\u00e7\u00e3o Cachoeirense de Amigos da Cultura &#8211; AMICUS conseguiu ampliar o prazo para capta\u00e7\u00e3o de recursos pela Lei Rouanet junto ao Minist\u00e9rio da Cultura. A altera\u00e7\u00e3o do prazo de ced\u00eancia dos pavilh\u00f5es do antigo Engenho Willy Tesch para implanta\u00e7\u00e3o do projeto, inicialmente previsto para cinco anos e ajustado para vinte, permitiu que o projeto [&hellip;]<\/p>\n","protected":false},"author":2,"featured_media":91,"comment_status":"open","ping_status":"open","sticky":false,"template":"","format":"standard","meta":{"footnotes":""},"categories":[6],"tags":[],"class_list":["post-90","post","type-post","status-publish","format-standard","has-post-thumbnail","hentry","category-noticias"],"_links":{"self":[{"href":"https:\/\/memorialdoarroz.com.br\/index.php\/wp-json\/wp\/v2\/posts\/90","targetHints":{"allow":["GET"]}}],"collection":[{"href":"https:\/\/memorialdoarroz.com.br\/index.php\/wp-json\/wp\/v2\/posts"}],"about":[{"href":"https:\/\/memorialdoarroz.com.br\/index.php\/wp-json\/wp\/v2\/types\/post"}],"author":[{"embeddable":true,"href":"https:\/\/memorialdoarroz.com.br\/index.php\/wp-json\/wp\/v2\/users\/2"}],"replies":[{"embeddable":true,"href":"https:\/\/memorialdoarroz.com.br\/index.php\/wp-json\/wp\/v2\/comments?post=90"}],"version-history":[{"count":1,"href":"https:\/\/memorialdoarroz.com.br\/index.php\/wp-json\/wp\/v2\/posts\/90\/revisions"}],"predecessor-version":[{"id":92,"href":"https:\/\/memorialdoarroz.com.br\/index.php\/wp-json\/wp\/v2\/posts\/90\/revisions\/92"}],"wp:featuredmedia":[{"embeddable":true,"href":"https:\/\/memorialdoarroz.com.br\/index.php\/wp-json\/wp\/v2\/media\/91"}],"wp:attachment":[{"href":"https:\/\/memorialdoarroz.com.br\/index.php\/wp-json\/wp\/v2\/media?parent=90"}],"wp:term":[{"taxonomy":"category","embeddable":true,"href":"https:\/\/memorialdoarroz.com.br\/index.php\/wp-json\/wp\/v2\/categories?post=90"},{"taxonomy":"post_tag","embeddable":true,"href":"https:\/\/memorialdoarroz.com.br\/index.php\/wp-json\/wp\/v2\/tags?post=90"}],"curies":[{"name":"wp","href":"https:\/\/api.w.org\/{rel}","templated":true}]}}