{"id":87,"date":"2017-05-25T09:11:00","date_gmt":"2017-05-25T12:11:00","guid":{"rendered":"https:\/\/memorialdoarroz.com.br\/?p=87"},"modified":"2026-03-01T09:21:06","modified_gmt":"2026-03-01T12:21:06","slug":"memorial-nacional-do-arroz-rumo-a-concretizacao","status":"publish","type":"post","link":"https:\/\/memorialdoarroz.com.br\/index.php\/2017\/05\/25\/memorial-nacional-do-arroz-rumo-a-concretizacao\/","title":{"rendered":"Memorial Nacional do Arroz rumo \u00e0 concretiza\u00e7\u00e3o"},"content":{"rendered":"\n<p>Promotores, apoiadores e simpatizantes do Memorial Nacional do Arroz tiveram reuni\u00e3o de trabalho no \u00faltimo dia 22 de maio, sob o comando do presidente da AMICUS, arquiteto Osni Schroeder, quando foram atualizados sobre os \u00faltimos movimentos pr\u00f3-implanta\u00e7\u00e3o deste projeto que desde 2011 vem sendo planejado por cidad\u00e3os e integrantes dos clubes de Rotary.<\/p>\n\n\n\n<p>A principal not\u00edcia foi a presen\u00e7a em Cachoeira, no dia 18 de maio, do presidente do IRGA, Guinter Frantz, que em audi\u00eancia com o prefeito Sergio Ghignatti, dentre outros assuntos, tratou da adequa\u00e7\u00e3o do termo de cess\u00e3o de uso dos pavilh\u00f5es do antigo Engenho Willy Tesch por um per\u00edodo de 20 anos, prorrog\u00e1veis por igual tempo, para que neles seja instalado o Memorial, cumprindo exig\u00eancia do Minist\u00e9rio da Cultura, onde o projeto encontra-se aprovado e aberto para capta\u00e7\u00e3o de recursos via Lei Rouanet. Na ocasi\u00e3o, o presidente do IRGA e prefeito assinaram o novo termo de cess\u00e3o, viabilizando assim a continuidade das a\u00e7\u00f5es do projeto.<\/p>\n\n\n\n<p>Cachoeira do Sul,&nbsp;segundo palavras do presidente do IRGA em almo\u00e7o com os presidentes dos clubes de Rotary e colaboradores do Memorial, protagoniza iniciativa de preservar, difundir e valorizar a hist\u00f3ria do arroz,<\/p>\n\n\n\n<p>O grupo de trabalho do Memorial v\u00ea neste&nbsp;grandioso projeto cultural a possibilidade de&nbsp;ressignificar o t\u00edtulo de Cachoeira do Sul como Capital Nacional do Arroz.<\/p>\n\n\n\n<p>(MR)<\/p>\n","protected":false},"excerpt":{"rendered":"<p>Promotores, apoiadores e simpatizantes do Memorial Nacional do Arroz tiveram reuni\u00e3o de trabalho no \u00faltimo dia 22 de maio, sob o comando do presidente da AMICUS, arquiteto Osni Schroeder, quando foram atualizados sobre os \u00faltimos movimentos pr\u00f3-implanta\u00e7\u00e3o deste projeto que desde 2011 vem sendo planejado por cidad\u00e3os e integrantes dos clubes de Rotary. A principal [&hellip;]<\/p>\n","protected":false},"author":2,"featured_media":88,"comment_status":"open","ping_status":"open","sticky":false,"template":"","format":"standard","meta":{"footnotes":""},"categories":[6],"tags":[],"class_list":["post-87","post","type-post","status-publish","format-standard","has-post-thumbnail","hentry","category-noticias"],"_links":{"self":[{"href":"https:\/\/memorialdoarroz.com.br\/index.php\/wp-json\/wp\/v2\/posts\/87","targetHints":{"allow":["GET"]}}],"collection":[{"href":"https:\/\/memorialdoarroz.com.br\/index.php\/wp-json\/wp\/v2\/posts"}],"about":[{"href":"https:\/\/memorialdoarroz.com.br\/index.php\/wp-json\/wp\/v2\/types\/post"}],"author":[{"embeddable":true,"href":"https:\/\/memorialdoarroz.com.br\/index.php\/wp-json\/wp\/v2\/users\/2"}],"replies":[{"embeddable":true,"href":"https:\/\/memorialdoarroz.com.br\/index.php\/wp-json\/wp\/v2\/comments?post=87"}],"version-history":[{"count":1,"href":"https:\/\/memorialdoarroz.com.br\/index.php\/wp-json\/wp\/v2\/posts\/87\/revisions"}],"predecessor-version":[{"id":89,"href":"https:\/\/memorialdoarroz.com.br\/index.php\/wp-json\/wp\/v2\/posts\/87\/revisions\/89"}],"wp:featuredmedia":[{"embeddable":true,"href":"https:\/\/memorialdoarroz.com.br\/index.php\/wp-json\/wp\/v2\/media\/88"}],"wp:attachment":[{"href":"https:\/\/memorialdoarroz.com.br\/index.php\/wp-json\/wp\/v2\/media?parent=87"}],"wp:term":[{"taxonomy":"category","embeddable":true,"href":"https:\/\/memorialdoarroz.com.br\/index.php\/wp-json\/wp\/v2\/categories?post=87"},{"taxonomy":"post_tag","embeddable":true,"href":"https:\/\/memorialdoarroz.com.br\/index.php\/wp-json\/wp\/v2\/tags?post=87"}],"curies":[{"name":"wp","href":"https:\/\/api.w.org\/{rel}","templated":true}]}}