{"id":62,"date":"2012-12-10T08:33:00","date_gmt":"2012-12-10T10:33:00","guid":{"rendered":"https:\/\/memorialdoarroz.com.br\/?p=62"},"modified":"2026-03-01T09:33:33","modified_gmt":"2026-03-01T12:33:33","slug":"plano-museologico-do-memorial","status":"publish","type":"post","link":"https:\/\/memorialdoarroz.com.br\/index.php\/2012\/12\/10\/plano-museologico-do-memorial\/","title":{"rendered":"Projeto Arquitet\u00f4nico do Memorial"},"content":{"rendered":"\n<p>Elaborado pela Arquitetas Urbanistas\u00a0Flavia Peixoto Tischler,\u00a0Mariana Rohde Pires e\u00a0Renata Flores Streit, o projeto valoriza o pr\u00e9dio de valor hist\u00f3rico, harmonizando com a valoriza\u00e7\u00e3o do acervo e com a adequada infraestrutura de visita\u00e7\u00e3o.<\/p>\n\n\n\n<p><\/p>\n","protected":false},"excerpt":{"rendered":"<p>Elaborado pela Arquitetas Urbanistas\u00a0Flavia Peixoto Tischler,\u00a0Mariana Rohde Pires e\u00a0Renata Flores Streit, o projeto valoriza o pr\u00e9dio de valor hist\u00f3rico, harmonizando com a valoriza\u00e7\u00e3o do acervo e com a adequada infraestrutura de visita\u00e7\u00e3o.<\/p>\n","protected":false},"author":2,"featured_media":60,"comment_status":"open","ping_status":"open","sticky":false,"template":"","format":"standard","meta":{"footnotes":""},"categories":[7],"tags":[],"class_list":["post-62","post","type-post","status-publish","format-standard","has-post-thumbnail","hentry","category-projetos"],"_links":{"self":[{"href":"https:\/\/memorialdoarroz.com.br\/index.php\/wp-json\/wp\/v2\/posts\/62","targetHints":{"allow":["GET"]}}],"collection":[{"href":"https:\/\/memorialdoarroz.com.br\/index.php\/wp-json\/wp\/v2\/posts"}],"about":[{"href":"https:\/\/memorialdoarroz.com.br\/index.php\/wp-json\/wp\/v2\/types\/post"}],"author":[{"embeddable":true,"href":"https:\/\/memorialdoarroz.com.br\/index.php\/wp-json\/wp\/v2\/users\/2"}],"replies":[{"embeddable":true,"href":"https:\/\/memorialdoarroz.com.br\/index.php\/wp-json\/wp\/v2\/comments?post=62"}],"version-history":[{"count":2,"href":"https:\/\/memorialdoarroz.com.br\/index.php\/wp-json\/wp\/v2\/posts\/62\/revisions"}],"predecessor-version":[{"id":106,"href":"https:\/\/memorialdoarroz.com.br\/index.php\/wp-json\/wp\/v2\/posts\/62\/revisions\/106"}],"wp:featuredmedia":[{"embeddable":true,"href":"https:\/\/memorialdoarroz.com.br\/index.php\/wp-json\/wp\/v2\/media\/60"}],"wp:attachment":[{"href":"https:\/\/memorialdoarroz.com.br\/index.php\/wp-json\/wp\/v2\/media?parent=62"}],"wp:term":[{"taxonomy":"category","embeddable":true,"href":"https:\/\/memorialdoarroz.com.br\/index.php\/wp-json\/wp\/v2\/categories?post=62"},{"taxonomy":"post_tag","embeddable":true,"href":"https:\/\/memorialdoarroz.com.br\/index.php\/wp-json\/wp\/v2\/tags?post=62"}],"curies":[{"name":"wp","href":"https:\/\/api.w.org\/{rel}","templated":true}]}}