{"id":103,"date":"2014-03-14T09:30:00","date_gmt":"2014-03-14T12:30:00","guid":{"rendered":"https:\/\/memorialdoarroz.com.br\/?p=103"},"modified":"2026-03-01T09:31:36","modified_gmt":"2026-03-01T12:31:36","slug":"plano-museologico-do-memorial-2","status":"publish","type":"post","link":"http:\/\/memorialdoarroz.com.br\/index.php\/2014\/03\/14\/plano-museologico-do-memorial-2\/","title":{"rendered":"Plano Museol\u00f3gico do Memorial"},"content":{"rendered":"\n<p>O muse\u00f3logo David Kura Minuzzo (COREM 151-I) foi contratado para a elabora\u00e7\u00e3o do Plano Museol\u00f3gico, que tem o objetivo de equipar a institui\u00e7\u00e3o com uma ferramenta b\u00e1sica de planejamento estrat\u00e9gico.<\/p>\n\n\n\n<p>No caso espec\u00edfico do Memorial Nacional do Arroz, o Plano Museol\u00f3gico \u00e9 a ferramenta que orienta a pesquisa, a preserva\u00e7\u00e3o e a comunica\u00e7\u00e3o da hist\u00f3ria do cultivo de arroz, os modos de ser e viver, as paisagens culturais associadas ao plantio e seus diversos segmentos, o acervo, o desenvolvimento regional e o impacto socioambiental para o munic\u00edpio de Cachoeira do Sul e o pa\u00eds.&nbsp;<\/p>\n\n\n\n<p><br>Os onze programas s\u00e3o: Institucional, Gest\u00e3o de Pessoas, de Acervos, de Exposi\u00e7\u00f5es, de Difus\u00e3o e Comunica\u00e7\u00e3o, Educativo e Cultural, de Pesquisa, Arquitet\u00f4nico e Urban\u00edstico, de Seguran\u00e7a, de Financiamento e Fomento, e Programa Socioambiental.<\/p>\n\n\n\n<p>Em resumo, um Plano Museol\u00f3gico compreende tr\u00eas etapas distintas: uma pesquisa hist\u00f3rica sobre a localidade sede da institui\u00e7\u00e3o museal, os Programas que indicam seus objetivos junto \u00e0 comunidade e um Diagn\u00f3stico Participativo envolvendo os diversos setores da sociedade, a fim de elaborar uma matriz que aponte os pontos Fortes, Fracos, Oportunidades e Amea\u00e7as ao futuro da mesma.<\/p>\n","protected":false},"excerpt":{"rendered":"<p>O muse\u00f3logo David Kura Minuzzo (COREM 151-I) foi contratado para a elabora\u00e7\u00e3o do Plano Museol\u00f3gico, que tem o objetivo de equipar a institui\u00e7\u00e3o com uma ferramenta b\u00e1sica de planejamento estrat\u00e9gico. No caso espec\u00edfico do Memorial Nacional do Arroz, o Plano Museol\u00f3gico \u00e9 a ferramenta que orienta a pesquisa, a preserva\u00e7\u00e3o e a comunica\u00e7\u00e3o da hist\u00f3ria [&hellip;]<\/p>\n","protected":false},"author":2,"featured_media":104,"comment_status":"open","ping_status":"open","sticky":false,"template":"","format":"standard","meta":{"footnotes":""},"categories":[7],"tags":[],"class_list":["post-103","post","type-post","status-publish","format-standard","has-post-thumbnail","hentry","category-projetos"],"_links":{"self":[{"href":"http:\/\/memorialdoarroz.com.br\/index.php\/wp-json\/wp\/v2\/posts\/103","targetHints":{"allow":["GET"]}}],"collection":[{"href":"http:\/\/memorialdoarroz.com.br\/index.php\/wp-json\/wp\/v2\/posts"}],"about":[{"href":"http:\/\/memorialdoarroz.com.br\/index.php\/wp-json\/wp\/v2\/types\/post"}],"author":[{"embeddable":true,"href":"http:\/\/memorialdoarroz.com.br\/index.php\/wp-json\/wp\/v2\/users\/2"}],"replies":[{"embeddable":true,"href":"http:\/\/memorialdoarroz.com.br\/index.php\/wp-json\/wp\/v2\/comments?post=103"}],"version-history":[{"count":1,"href":"http:\/\/memorialdoarroz.com.br\/index.php\/wp-json\/wp\/v2\/posts\/103\/revisions"}],"predecessor-version":[{"id":105,"href":"http:\/\/memorialdoarroz.com.br\/index.php\/wp-json\/wp\/v2\/posts\/103\/revisions\/105"}],"wp:featuredmedia":[{"embeddable":true,"href":"http:\/\/memorialdoarroz.com.br\/index.php\/wp-json\/wp\/v2\/media\/104"}],"wp:attachment":[{"href":"http:\/\/memorialdoarroz.com.br\/index.php\/wp-json\/wp\/v2\/media?parent=103"}],"wp:term":[{"taxonomy":"category","embeddable":true,"href":"http:\/\/memorialdoarroz.com.br\/index.php\/wp-json\/wp\/v2\/categories?post=103"},{"taxonomy":"post_tag","embeddable":true,"href":"http:\/\/memorialdoarroz.com.br\/index.php\/wp-json\/wp\/v2\/tags?post=103"}],"curies":[{"name":"wp","href":"https:\/\/api.w.org\/{rel}","templated":true}]}}